{"id":40235,"date":"2026-02-27T10:45:44","date_gmt":"2026-02-27T10:45:44","guid":{"rendered":"https:\/\/carlogislon.it\/staging\/?p=40235"},"modified":"2026-02-27T17:05:41","modified_gmt":"2026-02-27T17:05:41","slug":"la-carta-non-e-morta-ha-cambiato-iposizionamento-i","status":"publish","type":"post","link":"https:\/\/carlogislon.it\/staging\/la-carta-non-e-morta-ha-cambiato-iposizionamento-i\/","title":{"rendered":"La carta non \u00e8 morta. Ha cambiato <i>posizionamento<\/i>"},"content":{"rendered":"<div class=\"fusion-fullwidth fullwidth-box fusion-builder-row-1 fusion-flex-container has-pattern-background has-mask-background nonhundred-percent-fullwidth non-hundred-percent-height-scrolling\" style=\"--awb-border-radius-top-left:0px;--awb-border-radius-top-right:0px;--awb-border-radius-bottom-right:0px;--awb-border-radius-bottom-left:0px;--awb-flex-wrap:wrap;\" ><div class=\"fusion-builder-row fusion-row fusion-flex-align-items-flex-start fusion-flex-content-wrap\" style=\"max-width:calc( 1340px + 0px );margin-left: calc(-0px \/ 2 );margin-right: calc(-0px \/ 2 );\"><div class=\"fusion-layout-column fusion_builder_column fusion-builder-column-0 fusion_builder_column_1_1 1_1 fusion-flex-column\" style=\"--awb-bg-size:cover;--awb-width-large:100%;--awb-margin-top-large:0px;--awb-spacing-right-large:0px;--awb-margin-bottom-large:0px;--awb-spacing-left-large:0px;--awb-width-medium:100%;--awb-order-medium:0;--awb-spacing-right-medium:0px;--awb-spacing-left-medium:0px;--awb-width-small:100%;--awb-order-small:0;--awb-spacing-right-small:0px;--awb-spacing-left-small:0px;\"><div class=\"fusion-column-wrapper fusion-column-has-shadow fusion-flex-justify-content-flex-start fusion-content-layout-column\"><div class=\"fusion-text fusion-text-1\"><p class=\"altre-dida\">Foto di copertina: Un Liu<\/p>\n<h2 id=\"toc_La_carta_non_e_morta_ha_cambiato_posizionamento\" data-fontsize=\"24\" style=\"--fontSize: 24; line-height: 1.2; --minFontSize: 24;\" data-lineheight=\"28.8px\" class=\"fusion-responsive-typography-calculated\">La carta non \u00e8 morta: ha cambiato <i>posizionamento<\/i><\/h2>\n<blockquote style=\"--fontSize: 20; line-height: 1.3; --minFontSize: 20;\">\n<p><span style=\"background-color: rgba(0, 0, 0, 0);\">Definizione di Posizionamento<br \/><\/span><span style=\"background-color: rgba(0, 0, 0, 0);\">\u2014 Nel marketing, scelta consapevole di quale territorio occupare nella mente del proprio pubblico: su quali valori farsi riconoscere, contro chi non si vuole competere, quale promessa si vuole incarnare, include un paragone con la concorrenza o con soggetti\/prodotti paragonabili cos\u00ec da offrire un concetto istantaneo del brand) \u2014<\/span><\/p>\n<\/blockquote>\n<p><span style=\"background-color: rgba(0, 0, 0, 0);\">Con oltre 30 anni di esperienza nella comunicazione editoriale cartacea e pi\u00f9 di 10 nel digitale, ho osservato questa transizione dall&#8217;interno. E quello che vedo oggi non \u00e8 la morte della carta, ma qualcosa di pi\u00f9 sottile e, per certi versi, pi\u00f9 rilevante: un cambio di <\/span><span style=\"background-color: rgba(0, 0, 0, 0);\">posizionamento<\/span><i style=\"background-color: rgba(0, 0, 0, 0);\">.<\/i><\/p>\n<p>La carta non compete pi\u00f9 sul terreno della velocit\u00e0 e dell&#8217;economicit\u00e0, dove ha gi\u00e0 perso da un po&#8217;. Compete su un terreno diverso, dove il digitale fatica strutturalmente: qualit\u00e0 dell&#8217;esperienza, profondit\u00e0 di comprensione, presenza fisica, valore percepito, sensazione di realt\u00e0.<\/p>\n<p>In questo articolo cerco di costruire un quadro completo: i dati di mercato, la ricerca scientifica, e le implicazioni pratiche per chi si occupa di comunicazione aziendale.<\/p>\n<figure><img decoding=\"async\" class=\"lazyload alignnone size-full wp-image-40246\" src=\"https:\/\/carlogislon.it\/staging\/wp-content\/uploads\/2026\/02\/martin-martz-c83n9VPYk8A-unsplash.webp\" data-orig-src=\"https:\/\/carlogislon.it\/staging\/wp-content\/uploads\/2026\/02\/martin-martz-c83n9VPYk8A-unsplash.webp\" alt=\"\" width=\"800\" height=\"1200\" srcset=\"data:image\/svg+xml,%3Csvg%20xmlns%3D%27http%3A%2F%2Fwww.w3.org%2F2000%2Fsvg%27%20width%3D%27800%27%20height%3D%271200%27%20viewBox%3D%270%200%20800%201200%27%3E%3Crect%20width%3D%27800%27%20height%3D%271200%27%20fill-opacity%3D%220%22%2F%3E%3C%2Fsvg%3E\" data-srcset=\"https:\/\/carlogislon.it\/staging\/wp-content\/uploads\/2026\/02\/martin-martz-c83n9VPYk8A-unsplash-200x300.webp 200w, https:\/\/carlogislon.it\/staging\/wp-content\/uploads\/2026\/02\/martin-martz-c83n9VPYk8A-unsplash-400x600.webp 400w, https:\/\/carlogislon.it\/staging\/wp-content\/uploads\/2026\/02\/martin-martz-c83n9VPYk8A-unsplash-600x900.webp 600w, https:\/\/carlogislon.it\/staging\/wp-content\/uploads\/2026\/02\/martin-martz-c83n9VPYk8A-unsplash-683x1024.webp 683w, https:\/\/carlogislon.it\/staging\/wp-content\/uploads\/2026\/02\/martin-martz-c83n9VPYk8A-unsplash-768x1152.webp 768w, https:\/\/carlogislon.it\/staging\/wp-content\/uploads\/2026\/02\/martin-martz-c83n9VPYk8A-unsplash.webp 800w\" data-sizes=\"auto\" data-orig-sizes=\"(max-width: 800px) 100vw, 800px\" \/><figcaption>Foto di Martin Martz<\/figcaption><\/figure>\n<h2 id=\"toc_I_dati_sul_mercato_editoriale_cartaceo_un_quadro\" class=\"fusion-responsive-typography-calculated\" style=\"--fontsize: 24; line-height: 1.2; --minfontsize: 24; --fontSize: 24; --minFontSize: 24;\" data-fontsize=\"24\" data-lineheight=\"28.8px\">I dati sul mercato editoriale cartaceo: un quadro onesto<\/h2>\n<p>Prima di fare previsioni, conviene guardare i numeri con onest\u00e0. Il mercato editoriale cartaceo non \u00e8 omogeneo: settori diversi raccontano storie diverse.<\/p>\n<p>I quotidiani cartacei sono in calo strutturale. In Italia, secondo i dati AGCOM, nel 2024 le copie cartacee vendute si sono ridotte del 7,6% rispetto al 2023 e del 32,2% rispetto al 2020, cifre importanti.<\/p>\n<p>Non si tratta di una fase congiunturale, \u00e8 una tendenza consolidata che riflette il cambiamento nelle abitudini di consumo dell&#8217;informazione quotidiana, ormai affidata in larga parte agli schermi.<\/p>\n<p>Il mondo del libro racconta, invece, una storia molto diversa. Secondo il Rapporto AIE 2024, nel 2023 sono stati venduti in Italia 112 milioni di copie di libri cartacei nei canali commerciali ordinari: librerie fisiche, grande distribuzione e online, esclusi i segmenti scolastico e professionale, con un giro d&#8217;affari complessivo di 3,4 miliardi di euro.<\/p>\n<p>Rispetto al 2019, le copie vendute sono cresciute di quasi 13 milioni. Le librerie fisiche nel 2024 hanno raggiunto il 53,7% delle vendite, recuperando terreno sull&#8217;online.<\/p>\n<p>Ancora pi\u00f9 significativo il dato sulla divisione del mercato: ebook e audiolibri insieme rappresentano solo il 13% del totale, mentre il cartaceo mantiene una quota dell&#8217;87%. Il digitale non ha scalzato il libro fisico, ha aggiunto una nicchia.<\/p>\n<p>Il dato americano conferma la tendenza. Secondo Circana BookScan, nel 2024 le vendite di libri cartacei negli USA sono cresciute per la prima volta dopo tre anni consecutivi di calo: 782 milioni di copie fisiche vendute, +1% sull&#8217;anno precedente. Su un orizzonte decennale la crescita \u00e8 del 23%.<\/p>\n<p>La lettura di questi dati suggerisce qualcosa di preciso: la carta ha perso terreno dove il digitale offre un vantaggio reale: la notizia, l&#8217;aggiornamento rapido, il contenuto usa-e-getta. Ma ha tenuto, e in molti casi rafforzato la sua posizione, dove l&#8217;esperienza di lettura ha un valore intrinseco: il libro, la pubblicazione di qualit\u00e0, il contenuto che si vuole davvero comprendere e ricordare.<\/p>\n<figure><img decoding=\"async\" class=\"lazyload alignnone size-full wp-image-40248\" src=\"https:\/\/carlogislon.it\/staging\/wp-content\/uploads\/2026\/02\/nordwood-themes-Sf2TRU7ShO8-unsplash.webp\" data-orig-src=\"https:\/\/carlogislon.it\/staging\/wp-content\/uploads\/2026\/02\/nordwood-themes-Sf2TRU7ShO8-unsplash.webp\" alt=\"\" width=\"800\" height=\"533\" srcset=\"data:image\/svg+xml,%3Csvg%20xmlns%3D%27http%3A%2F%2Fwww.w3.org%2F2000%2Fsvg%27%20width%3D%27800%27%20height%3D%27533%27%20viewBox%3D%270%200%20800%20533%27%3E%3Crect%20width%3D%27800%27%20height%3D%27533%27%20fill-opacity%3D%220%22%2F%3E%3C%2Fsvg%3E\" data-srcset=\"https:\/\/carlogislon.it\/staging\/wp-content\/uploads\/2026\/02\/nordwood-themes-Sf2TRU7ShO8-unsplash-200x133.webp 200w, https:\/\/carlogislon.it\/staging\/wp-content\/uploads\/2026\/02\/nordwood-themes-Sf2TRU7ShO8-unsplash-300x200.webp 300w, https:\/\/carlogislon.it\/staging\/wp-content\/uploads\/2026\/02\/nordwood-themes-Sf2TRU7ShO8-unsplash-400x267.webp 400w, https:\/\/carlogislon.it\/staging\/wp-content\/uploads\/2026\/02\/nordwood-themes-Sf2TRU7ShO8-unsplash-600x400.webp 600w, https:\/\/carlogislon.it\/staging\/wp-content\/uploads\/2026\/02\/nordwood-themes-Sf2TRU7ShO8-unsplash-768x512.webp 768w, https:\/\/carlogislon.it\/staging\/wp-content\/uploads\/2026\/02\/nordwood-themes-Sf2TRU7ShO8-unsplash.webp 800w\" data-sizes=\"auto\" data-orig-sizes=\"(max-width: 800px) 100vw, 800px\" \/><\/p><figcaption>Foto di Nordwook Themes<\/figcaption><\/figure>\n<h2 id=\"toc_Carta_vs_schermo_cosa_dice_la_ricerca_sulla\" class=\"fusion-responsive-typography-calculated\" style=\"--fontsize: 24; line-height: 1.2; --minfontsize: 24; --fontSize: 24; --minFontSize: 24;\" data-fontsize=\"24\" data-lineheight=\"28.8px\">Carta <em>vs<\/em> schermo: cosa dice la ricerca sulla <i>comprensione<\/i><\/h2>\n<p>C&#8217;\u00e8 un dato scientifico che trovo particolarmente significativo, e che spesso non viene citato nel dibattito carta-digitale: <a href=\"https:\/\/www.techlearning.com\/news\/the-screen-inferiority-effect-how-screens-affect-reading-comprehension\" target=\"_blank\" rel=\"noopener noreferrer\">sette <i>meta-analisi<\/i> pubblicate<\/a> su questo tema hanno concluso che si comprende meglio e si ricorda di pi\u00f9 leggendo su carta rispetto allo schermo. I ricercatori chiamano questo fenomeno &#8220;screen inferiority effect&#8221;.<\/p>\n<p>Non si tratta di una sensazione soggettiva o di un pregiudizio generazionale. \u00c8 un effetto replicato, documentato, che emerge in modo consistente attraverso decenni di ricerche su popolazioni diverse. Una meta-analisi (studi che aggregano e analizzano i risultati di decine di ricerche precedenti per trarne conclusioni pi\u00f9 robuste) del 2024 che ha analizzato 49 studi ha confermato che chi legge su carta ottiene risultati costantemente superiori nei test di comprensione rispetto a chi legge sullo schermo!<\/p>\n<p>Le ipotesi sul perch\u00e9 variano: la carta favorisce una lettura pi\u00f9 lineare e meno distratta, l&#8217;assenza di link e notifiche riduce il carico cognitivo, la dimensione fisica della pagina aiuta la memoria spaziale del testo. Probabilmente tutti questi fattori contribuiscono.<\/p>\n<p>Lo sperimento di persona. Sono arrivato a ricomprarmi un libro su carta dopo aver acquistato la versione digitale: certi contenuti, quelli professionalmente importanti, meritavano quel tipo di lettura.<\/p>\n<p>Non era nostalgia, era la consapevolezza che volevo davvero &#8220;possedere&#8221; quei contenuti, non solo scorrerli.<\/p>\n<p>Per chi produce comunicazione professional: manuali tecnici, cataloghi, pubblicazioni aziendali, materiali di formazione, questo non \u00e8 un dettaglio secondario. \u00c8 la differenza tra un brand che viene ricordato e uno che viene dimenticato.<\/p>\n<h3 data-fontsize=\"20\" style=\"--fontSize: 20; line-height: 1.3; --minFontSize: 20;\" data-lineheight=\"26px\" class=\"fusion-responsive-typography-calculated\">La carta funziona sempre<\/h3>\n<p>C&#8217;\u00e8 poi un vantaggio della carta che nel dibattito viene spesso trascurato, perch\u00e9 sembra banale: la carta &#8220;funziona&#8221; sempre. <\/p>\n<p>Non si scarica, non richiede connessione, non si blocca su un aggiornamento. Un libro, un catalogo, una pubblicazione stampata sono disponibili in qualsiasi momento, senza infrastruttura. In un mondo sempre pi\u00f9 dipendente dalla rete e dall&#8217;energia, non \u00e8 un dettaglio trascurabile.<\/p>\n<h2 id=\"toc_LAI_ridisegna_il_terreno_e_la_carta_ci\" class=\"fusion-responsive-typography-calculated\" style=\"--fontsize: 24; line-height: 1.2; --minfontsize: 24; --fontSize: 24; --minFontSize: 24;\" data-fontsize=\"24\" data-lineheight=\"28.8px\">L&#8217;AI ridisegna il terreno&#8230; e la carta ci guadagna<\/h2>\n<p>L&#8217;intelligenza artificiale sta trasformando il panorama della comunicazione in modo pi\u00f9 radicale di quanto il web abbia fatto. Produce contenuti informativi in modo istantaneo, gratuito, interattivo. Si fa una domanda, si ottiene una risposta articolata, si chiede un approfondimento e cos\u00ec via.<\/p>\n<p>Di fronte a questo, quale futuro ha la pubblicazione editoriale tradizionale? La risposta dipende da quale pubblicazione stiamo parlando.<\/p>\n<p>I contenuti informativi rapidi: notizie, aggiornamenti, risposte immediate, stanno migrando verso il digitale e l&#8217;AI in modo irreversibile. Ma anche i contenuti complessi e strutturati trovano nell&#8217;AI uno strumento potente: analisi approfondite, sintesi di documenti lunghi, risposta a domande tecniche articolate.<\/p>\n<p>Dove allora rimane lo spazio della carta? Non nel tipo di contenuto, ma nell&#8217;esperienza di fruizione. Quando si vuole davvero leggere, comprendere, trattenere, non interrogare o consultare, la carta offre qualcosa che lo schermo non replica. In un mondo in cui tutto \u00e8 digitale e istantaneo, sedersi con un oggetto stampato di qualit\u00e0 \u00e8 un atto diverso, pi\u00f9 lento, pi\u00f9 presente. E quella differenza ha un valore crescente.<\/p>\n<p>\u00c8 una questione di posizionamento, non di sopravvivenza. La carta non deve pi\u00f9 giustificare la propria esistenza dimostrando di essere veloce quanto il digitale.<\/p>\n<p>Pu\u00f2 smettere di combattere su quel terreno e occupare un territorio diverso: quello del contenuto premium, dell&#8217;esperienza materiale, della comunicazione che lascia un segno fisico e cognitivo.<\/p>\n<figure><img decoding=\"async\" class=\"lazyload alignnone size-full wp-image-40250\" src=\"https:\/\/carlogislon.it\/staging\/wp-content\/uploads\/2026\/02\/daniel-minarik-qxPyo-O31oA-unsplash-1.webp\" data-orig-src=\"https:\/\/carlogislon.it\/staging\/wp-content\/uploads\/2026\/02\/daniel-minarik-qxPyo-O31oA-unsplash-1.webp\" alt=\"\" width=\"800\" height=\"1224\" srcset=\"data:image\/svg+xml,%3Csvg%20xmlns%3D%27http%3A%2F%2Fwww.w3.org%2F2000%2Fsvg%27%20width%3D%27800%27%20height%3D%271224%27%20viewBox%3D%270%200%20800%201224%27%3E%3Crect%20width%3D%27800%27%20height%3D%271224%27%20fill-opacity%3D%220%22%2F%3E%3C%2Fsvg%3E\" data-srcset=\"https:\/\/carlogislon.it\/staging\/wp-content\/uploads\/2026\/02\/daniel-minarik-qxPyo-O31oA-unsplash-1-196x300.webp 196w, https:\/\/carlogislon.it\/staging\/wp-content\/uploads\/2026\/02\/daniel-minarik-qxPyo-O31oA-unsplash-1-200x306.webp 200w, https:\/\/carlogislon.it\/staging\/wp-content\/uploads\/2026\/02\/daniel-minarik-qxPyo-O31oA-unsplash-1-400x612.webp 400w, https:\/\/carlogislon.it\/staging\/wp-content\/uploads\/2026\/02\/daniel-minarik-qxPyo-O31oA-unsplash-1-600x918.webp 600w, https:\/\/carlogislon.it\/staging\/wp-content\/uploads\/2026\/02\/daniel-minarik-qxPyo-O31oA-unsplash-1-669x1024.webp 669w, https:\/\/carlogislon.it\/staging\/wp-content\/uploads\/2026\/02\/daniel-minarik-qxPyo-O31oA-unsplash-1-768x1175.webp 768w, https:\/\/carlogislon.it\/staging\/wp-content\/uploads\/2026\/02\/daniel-minarik-qxPyo-O31oA-unsplash-1.webp 800w\" data-sizes=\"auto\" data-orig-sizes=\"(max-width: 800px) 100vw, 800px\" \/><\/p><figcaption>Foto di Daniel Minarik<\/figcaption><\/figure>\n<h2 id=\"toc_Cosa_cambia_per_la_comunicazione_aziendale\" class=\"fusion-responsive-typography-calculated\" style=\"--fontsize: 24; line-height: 1.2; --minfontsize: 24; --fontSize: 24; --minFontSize: 24;\" data-fontsize=\"24\" data-lineheight=\"28.8px\">Cosa cambia per la comunicazione aziendale<\/h2>\n<p>Per imprenditori, aziende e responsabili della comunicazione, questa lettura ha conseguenze pratiche concrete.<\/p>\n<p>Il prodotto stampato non \u00e8 il &#8220;vecchio formato da difendere&#8221;. Pu\u00f2 diventare la scelta premium: quella che trasmette cura, intenzione, presenza fisica. In un contesto in cui il concorrente produce contenuti digitali all&#8217;infinito con l&#8217;AI, un catalogo stampato ben progettato, un libro aziendale, una pubblicazione periodica di qualit\u00e0 diventano automaticamente pi\u00f9 rari e quindi pi\u00f9 memorabili.<\/p>\n<p>Non \u00e8 nostalgia, \u00e8 differenziazione. Il mercato del lusso lo ha capito da tempo: i brand di fascia alta non hanno abbandonato la carta, l&#8217;hanno valorizzata proprio perch\u00e9 il digitale si \u00e8 democratizzato.<\/p>\n<p>Lo stesso ragionamento si applica a qualsiasi azienda che voglia comunicare qualit\u00e0, attenzione al dettaglio, identit\u00e0 solida.<\/p>\n<p>Allo stesso tempo, il digitale non \u00e8 il nemico, \u00e8 lo strumento giusto per altri obiettivi. Velocit\u00e0 di distribuzione, reach, aggiornamento continuo, interattivit\u00e0: sono vantaggi reali che la carta non pu\u00f2 e non deve replicare. La domanda giusta non \u00e8 &#8220;carta o digitale?&#8221; ma &#8220;quale strumento per quale obiettivo?&#8221;<\/p>\n<p>La risposta, nella maggior parte dei casi, \u00e8 entrambi, ma con ruoli chiari e distinti. Il digitale per i contenuti veloci e la presenza quotidiana. La carta per i contenuti che devono essere compresi, ricordati, conservati. Materiali che vogliono dire: questo \u00e8 importante, vale la pena fermarsi.<\/p>\n<h2 id=\"toc_Conclusione_un_nuovo_equilibrio_non_una_guerra\" class=\"fusion-responsive-typography-calculated\" style=\"--fontsize: 24; line-height: 1.2; --minfontsize: 24; --fontSize: 24; --minFontSize: 24;\" data-fontsize=\"24\" data-lineheight=\"28.8px\">Conclusione: un nuovo equilibrio, non una guerra<\/h2>\n<p>La narrazione &#8220;la carta \u00e8 morta&#8221; non regge ai dati. Ma neanche quella opposta, &#8220;la carta trionfer\u00e0&#8221;, \u00e8 accurata. Quello che sta succedendo \u00e8 pi\u00f9 interessante di entrambe: una ridefinizione dei ruoli.<\/p>\n<p>La carta ha perso la battaglia della velocit\u00e0 e dell&#8217;economicit\u00e0 \u2013e non aveva senso combatterla\u2013. Ma sta uscendo vincitrice in un territorio che diventa ogni anno pi\u00f9 prezioso: l&#8217;esperienza di lettura di qualit\u00e0, la comunicazione che trasmette valore tangibile, il contenuto che si vuole davvero trattenere. In altre parole: la comprensione.<\/p>\n<p>In fondo la distinzione si pu\u00f2 sintetizzare in due parole: <i>informazione<\/i> e <i>comprensione<\/i>. Simili, ma profondamente diverse. L&#8217;informazione \u00e8 il dato che ricevi: veloce, consultabile, aggiornabile, sintetico, usa-e-getta.<\/p>\n<p>La comprensione \u00e8 il dato che elabori, che integri con quello che gi\u00e0 sai, che diventa tuo. Il digitale e l&#8217;AI eccellono nella prima. La carta, per ragioni che la ricerca scientifica conferma, favorisce la seconda.<\/p>\n<p>Il cambiamento che stiamo vivendo non richiede di scegliere tra carta e digitale, richiede di capire cosa ciascuno sa fare meglio. Chi si occupa di comunicazione aziendale ha oggi un&#8217;opportunit\u00e0 concreta: usare il digitale e l&#8217;AI per informare, aggiornare, essere presenti ogni giorno; e usare la carta per i momenti in cui si vuole davvero essere compresi, ricordati, presi sul serio.<\/p>\n<p>Non \u00e8 una battaglia da vincere. \u00c8 un equilibrio da costruire e chi lo costruisce con consapevolezza ha un vantaggio reale rispetto a chi si affida a un solo strumento.<\/p>\n<p>Con oltre 30 anni di esperienza nella progettazione editoriale cartacea e pi\u00f9 di 10 nel digitale, accompagno aziende ed editori in questo processo: capire quale strumento usare, quando e come, per comunicare in modo davvero efficace.<\/p>\n<p>Mi farebbe molto piacere sapere come editori, stampatori e grafici vedono questa prospettiva e se riconoscono nella propria esperienza questa distinzione tra informazione e comprensione.<\/p>\n<\/div><\/div><\/div><\/div><\/div>\n","protected":false},"excerpt":{"rendered":"<p>Per decenni abbiamo assistito a un racconto lineare: il digitale avanza, la carta arretra, e prima o poi la stampa scomparir\u00e0. \u00c8 un racconto che ha una sua logica: la distribuzione digitale \u00e8 pi\u00f9 veloce, pi\u00f9 economica, pi\u00f9 scalabile. Ma come accade spesso, la realt\u00e0 \u00e8 molto meno lineare della teoria&#8230;<\/p>\n","protected":false},"author":8,"featured_media":40236,"comment_status":"open","ping_status":"open","sticky":false,"template":"","format":"standard","meta":{"footnotes":""},"categories":[139,126,122],"tags":[],"class_list":["post-40235","post","type-post","status-publish","format-standard","has-post-thumbnail","hentry","category-ai","category-formati-digitali","category-stampa"],"yoast_head":"<!-- This site is optimized with the Yoast SEO plugin v27.2 - https:\/\/yoast.com\/product\/yoast-seo-wordpress\/ -->\n<title>Gislon: comunicazione di prodotto e d\u2019impresa per l\u2019industria tecnica<\/title>\n<meta name=\"robots\" content=\"index, follow, max-snippet:-1, max-image-preview:large, max-video-preview:-1\" \/>\n<link rel=\"canonical\" href=\"https:\/\/carlogislon.it\/staging\/la-carta-non-e-morta-ha-cambiato-iposizionamento-i\/\" \/>\n<meta property=\"og:locale\" content=\"it_IT\" \/>\n<meta property=\"og:type\" content=\"article\" \/>\n<meta property=\"og:title\" content=\"Gislon: comunicazione di prodotto e d\u2019impresa per l\u2019industria tecnica\" \/>\n<meta property=\"og:description\" content=\"Per decenni abbiamo assistito a un racconto lineare: il digitale avanza, la carta arretra, e prima o poi la stampa scomparir\u00e0. \u00c8 un racconto che ha una sua logica: la distribuzione digitale \u00e8 pi\u00f9 veloce, pi\u00f9 economica, pi\u00f9 scalabile. Ma come accade spesso, la realt\u00e0 \u00e8 molto meno lineare della teoria...\" \/>\n<meta property=\"og:url\" content=\"https:\/\/carlogislon.it\/staging\/la-carta-non-e-morta-ha-cambiato-iposizionamento-i\/\" \/>\n<meta property=\"og:site_name\" content=\"Gislon: comunicazione di prodotto e d\u2019impresa per l\u2019industria tecnica\" \/>\n<meta property=\"article:published_time\" content=\"2026-02-27T10:45:44+00:00\" \/>\n<meta property=\"article:modified_time\" content=\"2026-02-27T17:05:41+00:00\" \/>\n<meta property=\"og:image\" content=\"https:\/\/carlogislon.it\/staging\/wp-content\/uploads\/2026\/02\/un-liu-YOpSVJGmvmE-unsplash.jpg\" \/>\n\t<meta property=\"og:image:width\" content=\"700\" \/>\n\t<meta property=\"og:image:height\" content=\"1050\" \/>\n\t<meta property=\"og:image:type\" content=\"image\/jpeg\" \/>\n<meta name=\"author\" content=\"Carlo Gislon\" \/>\n<meta name=\"twitter:label1\" content=\"Scritto da\" \/>\n\t<meta name=\"twitter:data1\" content=\"Carlo Gislon\" \/>\n\t<meta name=\"twitter:label2\" content=\"Tempo di lettura stimato\" \/>\n\t<meta name=\"twitter:data2\" content=\"10 minuti\" \/>\n<script type=\"application\/ld+json\" class=\"yoast-schema-graph\">{\"@context\":\"https:\/\/schema.org\",\"@graph\":[{\"@type\":[\"Article\",\"BlogPosting\"],\"@id\":\"https:\/\/carlogislon.it\/staging\/la-carta-non-e-morta-ha-cambiato-iposizionamento-i\/#article\",\"isPartOf\":{\"@id\":\"https:\/\/carlogislon.it\/staging\/la-carta-non-e-morta-ha-cambiato-iposizionamento-i\/\"},\"author\":{\"name\":\"Carlo Gislon\",\"@id\":\"https:\/\/carlogislon.it\/staging\/#\/schema\/person\/e8f19d6a4b7cdbd2b4c78a1e5ff4939e\"},\"headline\":\"La carta non \u00e8 morta. Ha cambiato posizionamento\",\"datePublished\":\"2026-02-27T10:45:44+00:00\",\"dateModified\":\"2026-02-27T17:05:41+00:00\",\"mainEntityOfPage\":{\"@id\":\"https:\/\/carlogislon.it\/staging\/la-carta-non-e-morta-ha-cambiato-iposizionamento-i\/\"},\"wordCount\":2108,\"commentCount\":0,\"publisher\":{\"@id\":\"https:\/\/carlogislon.it\/staging\/#organization\"},\"image\":{\"@id\":\"https:\/\/carlogislon.it\/staging\/la-carta-non-e-morta-ha-cambiato-iposizionamento-i\/#primaryimage\"},\"thumbnailUrl\":\"https:\/\/carlogislon.it\/staging\/wp-content\/uploads\/2026\/02\/un-liu-YOpSVJGmvmE-unsplash.jpg\",\"articleSection\":[\"AI\",\"Formati digitali\",\"Stampa\"],\"inLanguage\":\"it-IT\",\"potentialAction\":[{\"@type\":\"CommentAction\",\"name\":\"Comment\",\"target\":[\"https:\/\/carlogislon.it\/staging\/la-carta-non-e-morta-ha-cambiato-iposizionamento-i\/#respond\"]}]},{\"@type\":\"WebPage\",\"@id\":\"https:\/\/carlogislon.it\/staging\/la-carta-non-e-morta-ha-cambiato-iposizionamento-i\/\",\"url\":\"https:\/\/carlogislon.it\/staging\/la-carta-non-e-morta-ha-cambiato-iposizionamento-i\/\",\"name\":\"Gislon: comunicazione di prodotto e d\u2019impresa per l\u2019industria tecnica\",\"isPartOf\":{\"@id\":\"https:\/\/carlogislon.it\/staging\/#website\"},\"primaryImageOfPage\":{\"@id\":\"https:\/\/carlogislon.it\/staging\/la-carta-non-e-morta-ha-cambiato-iposizionamento-i\/#primaryimage\"},\"image\":{\"@id\":\"https:\/\/carlogislon.it\/staging\/la-carta-non-e-morta-ha-cambiato-iposizionamento-i\/#primaryimage\"},\"thumbnailUrl\":\"https:\/\/carlogislon.it\/staging\/wp-content\/uploads\/2026\/02\/un-liu-YOpSVJGmvmE-unsplash.jpg\",\"datePublished\":\"2026-02-27T10:45:44+00:00\",\"dateModified\":\"2026-02-27T17:05:41+00:00\",\"breadcrumb\":{\"@id\":\"https:\/\/carlogislon.it\/staging\/la-carta-non-e-morta-ha-cambiato-iposizionamento-i\/#breadcrumb\"},\"inLanguage\":\"it-IT\",\"potentialAction\":[{\"@type\":\"ReadAction\",\"target\":[\"https:\/\/carlogislon.it\/staging\/la-carta-non-e-morta-ha-cambiato-iposizionamento-i\/\"]}]},{\"@type\":\"ImageObject\",\"inLanguage\":\"it-IT\",\"@id\":\"https:\/\/carlogislon.it\/staging\/la-carta-non-e-morta-ha-cambiato-iposizionamento-i\/#primaryimage\",\"url\":\"https:\/\/carlogislon.it\/staging\/wp-content\/uploads\/2026\/02\/un-liu-YOpSVJGmvmE-unsplash.jpg\",\"contentUrl\":\"https:\/\/carlogislon.it\/staging\/wp-content\/uploads\/2026\/02\/un-liu-YOpSVJGmvmE-unsplash.jpg\",\"width\":700,\"height\":1050},{\"@type\":\"BreadcrumbList\",\"@id\":\"https:\/\/carlogislon.it\/staging\/la-carta-non-e-morta-ha-cambiato-iposizionamento-i\/#breadcrumb\",\"itemListElement\":[{\"@type\":\"ListItem\",\"position\":1,\"name\":\"Home\",\"item\":\"https:\/\/carlogislon.it\/staging\/\"},{\"@type\":\"ListItem\",\"position\":2,\"name\":\"AI\",\"item\":\"https:\/\/carlogislon.it\/staging\/category\/ai\/\"},{\"@type\":\"ListItem\",\"position\":3,\"name\":\"La carta non \u00e8 morta. Ha cambiato posizionamento\"}]},{\"@type\":\"WebSite\",\"@id\":\"https:\/\/carlogislon.it\/staging\/#website\",\"url\":\"https:\/\/carlogislon.it\/staging\/\",\"name\":\"Gislon: creative direction studio\",\"description\":\"\",\"publisher\":{\"@id\":\"https:\/\/carlogislon.it\/staging\/#organization\"},\"alternateName\":\"Comunicazione pubblicitaria e immagine aziendale per l\u2019industria tecnica\",\"potentialAction\":[{\"@type\":\"SearchAction\",\"target\":{\"@type\":\"EntryPoint\",\"urlTemplate\":\"https:\/\/carlogislon.it\/staging\/?s={search_term_string}\"},\"query-input\":{\"@type\":\"PropertyValueSpecification\",\"valueRequired\":true,\"valueName\":\"search_term_string\"}}],\"inLanguage\":\"it-IT\"},{\"@type\":\"Organization\",\"@id\":\"https:\/\/carlogislon.it\/staging\/#organization\",\"name\":\"Comunicazione pubblicitaria e immagine aziendale per l\u2019industria tecnica\",\"url\":\"https:\/\/carlogislon.it\/staging\/\",\"logo\":{\"@type\":\"ImageObject\",\"inLanguage\":\"it-IT\",\"@id\":\"https:\/\/carlogislon.it\/staging\/#\/schema\/logo\/image\/\",\"url\":\"https:\/\/carlogislon.it\/staging\/wp-content\/uploads\/2025\/03\/logo-segnopositivoRisorsa-2.svg\",\"contentUrl\":\"https:\/\/carlogislon.it\/staging\/wp-content\/uploads\/2025\/03\/logo-segnopositivoRisorsa-2.svg\",\"width\":186,\"height\":55,\"caption\":\"Comunicazione pubblicitaria e immagine aziendale per l\u2019industria tecnica\"},\"image\":{\"@id\":\"https:\/\/carlogislon.it\/staging\/#\/schema\/logo\/image\/\"}},{\"@type\":\"Person\",\"@id\":\"https:\/\/carlogislon.it\/staging\/#\/schema\/person\/e8f19d6a4b7cdbd2b4c78a1e5ff4939e\",\"name\":\"Carlo Gislon\",\"image\":{\"@type\":\"ImageObject\",\"inLanguage\":\"it-IT\",\"@id\":\"https:\/\/carlogislon.it\/staging\/wp-content\/litespeed\/avatar\/bf9b066fe5acdd48e1d7ce6ed00867ad.jpg?ver=1777305025\",\"url\":\"https:\/\/carlogislon.it\/staging\/wp-content\/litespeed\/avatar\/bf9b066fe5acdd48e1d7ce6ed00867ad.jpg?ver=1777305025\",\"contentUrl\":\"https:\/\/carlogislon.it\/staging\/wp-content\/litespeed\/avatar\/bf9b066fe5acdd48e1d7ce6ed00867ad.jpg?ver=1777305025\",\"caption\":\"Carlo Gislon\"},\"description\":\"di Carlo Gislon\"}]}<\/script>\n<!-- \/ Yoast SEO plugin. -->","yoast_head_json":{"title":"Gislon: comunicazione di prodotto e d\u2019impresa per l\u2019industria tecnica","robots":{"index":"index","follow":"follow","max-snippet":"max-snippet:-1","max-image-preview":"max-image-preview:large","max-video-preview":"max-video-preview:-1"},"canonical":"https:\/\/carlogislon.it\/staging\/la-carta-non-e-morta-ha-cambiato-iposizionamento-i\/","og_locale":"it_IT","og_type":"article","og_title":"Gislon: comunicazione di prodotto e d\u2019impresa per l\u2019industria tecnica","og_description":"Per decenni abbiamo assistito a un racconto lineare: il digitale avanza, la carta arretra, e prima o poi la stampa scomparir\u00e0. \u00c8 un racconto che ha una sua logica: la distribuzione digitale \u00e8 pi\u00f9 veloce, pi\u00f9 economica, pi\u00f9 scalabile. Ma come accade spesso, la realt\u00e0 \u00e8 molto meno lineare della teoria...","og_url":"https:\/\/carlogislon.it\/staging\/la-carta-non-e-morta-ha-cambiato-iposizionamento-i\/","og_site_name":"Gislon: comunicazione di prodotto e d\u2019impresa per l\u2019industria tecnica","article_published_time":"2026-02-27T10:45:44+00:00","article_modified_time":"2026-02-27T17:05:41+00:00","og_image":[{"width":700,"height":1050,"url":"https:\/\/carlogislon.it\/staging\/wp-content\/uploads\/2026\/02\/un-liu-YOpSVJGmvmE-unsplash.jpg","type":"image\/jpeg"}],"author":"Carlo Gislon","twitter_misc":{"Scritto da":"Carlo Gislon","Tempo di lettura stimato":"10 minuti"},"schema":{"@context":"https:\/\/schema.org","@graph":[{"@type":["Article","BlogPosting"],"@id":"https:\/\/carlogislon.it\/staging\/la-carta-non-e-morta-ha-cambiato-iposizionamento-i\/#article","isPartOf":{"@id":"https:\/\/carlogislon.it\/staging\/la-carta-non-e-morta-ha-cambiato-iposizionamento-i\/"},"author":{"name":"Carlo Gislon","@id":"https:\/\/carlogislon.it\/staging\/#\/schema\/person\/e8f19d6a4b7cdbd2b4c78a1e5ff4939e"},"headline":"La carta non \u00e8 morta. Ha cambiato posizionamento","datePublished":"2026-02-27T10:45:44+00:00","dateModified":"2026-02-27T17:05:41+00:00","mainEntityOfPage":{"@id":"https:\/\/carlogislon.it\/staging\/la-carta-non-e-morta-ha-cambiato-iposizionamento-i\/"},"wordCount":2108,"commentCount":0,"publisher":{"@id":"https:\/\/carlogislon.it\/staging\/#organization"},"image":{"@id":"https:\/\/carlogislon.it\/staging\/la-carta-non-e-morta-ha-cambiato-iposizionamento-i\/#primaryimage"},"thumbnailUrl":"https:\/\/carlogislon.it\/staging\/wp-content\/uploads\/2026\/02\/un-liu-YOpSVJGmvmE-unsplash.jpg","articleSection":["AI","Formati digitali","Stampa"],"inLanguage":"it-IT","potentialAction":[{"@type":"CommentAction","name":"Comment","target":["https:\/\/carlogislon.it\/staging\/la-carta-non-e-morta-ha-cambiato-iposizionamento-i\/#respond"]}]},{"@type":"WebPage","@id":"https:\/\/carlogislon.it\/staging\/la-carta-non-e-morta-ha-cambiato-iposizionamento-i\/","url":"https:\/\/carlogislon.it\/staging\/la-carta-non-e-morta-ha-cambiato-iposizionamento-i\/","name":"Gislon: comunicazione di prodotto e d\u2019impresa per l\u2019industria tecnica","isPartOf":{"@id":"https:\/\/carlogislon.it\/staging\/#website"},"primaryImageOfPage":{"@id":"https:\/\/carlogislon.it\/staging\/la-carta-non-e-morta-ha-cambiato-iposizionamento-i\/#primaryimage"},"image":{"@id":"https:\/\/carlogislon.it\/staging\/la-carta-non-e-morta-ha-cambiato-iposizionamento-i\/#primaryimage"},"thumbnailUrl":"https:\/\/carlogislon.it\/staging\/wp-content\/uploads\/2026\/02\/un-liu-YOpSVJGmvmE-unsplash.jpg","datePublished":"2026-02-27T10:45:44+00:00","dateModified":"2026-02-27T17:05:41+00:00","breadcrumb":{"@id":"https:\/\/carlogislon.it\/staging\/la-carta-non-e-morta-ha-cambiato-iposizionamento-i\/#breadcrumb"},"inLanguage":"it-IT","potentialAction":[{"@type":"ReadAction","target":["https:\/\/carlogislon.it\/staging\/la-carta-non-e-morta-ha-cambiato-iposizionamento-i\/"]}]},{"@type":"ImageObject","inLanguage":"it-IT","@id":"https:\/\/carlogislon.it\/staging\/la-carta-non-e-morta-ha-cambiato-iposizionamento-i\/#primaryimage","url":"https:\/\/carlogislon.it\/staging\/wp-content\/uploads\/2026\/02\/un-liu-YOpSVJGmvmE-unsplash.jpg","contentUrl":"https:\/\/carlogislon.it\/staging\/wp-content\/uploads\/2026\/02\/un-liu-YOpSVJGmvmE-unsplash.jpg","width":700,"height":1050},{"@type":"BreadcrumbList","@id":"https:\/\/carlogislon.it\/staging\/la-carta-non-e-morta-ha-cambiato-iposizionamento-i\/#breadcrumb","itemListElement":[{"@type":"ListItem","position":1,"name":"Home","item":"https:\/\/carlogislon.it\/staging\/"},{"@type":"ListItem","position":2,"name":"AI","item":"https:\/\/carlogislon.it\/staging\/category\/ai\/"},{"@type":"ListItem","position":3,"name":"La carta non \u00e8 morta. Ha cambiato posizionamento"}]},{"@type":"WebSite","@id":"https:\/\/carlogislon.it\/staging\/#website","url":"https:\/\/carlogislon.it\/staging\/","name":"Gislon: creative direction studio","description":"","publisher":{"@id":"https:\/\/carlogislon.it\/staging\/#organization"},"alternateName":"Comunicazione pubblicitaria e immagine aziendale per l\u2019industria tecnica","potentialAction":[{"@type":"SearchAction","target":{"@type":"EntryPoint","urlTemplate":"https:\/\/carlogislon.it\/staging\/?s={search_term_string}"},"query-input":{"@type":"PropertyValueSpecification","valueRequired":true,"valueName":"search_term_string"}}],"inLanguage":"it-IT"},{"@type":"Organization","@id":"https:\/\/carlogislon.it\/staging\/#organization","name":"Comunicazione pubblicitaria e immagine aziendale per l\u2019industria tecnica","url":"https:\/\/carlogislon.it\/staging\/","logo":{"@type":"ImageObject","inLanguage":"it-IT","@id":"https:\/\/carlogislon.it\/staging\/#\/schema\/logo\/image\/","url":"https:\/\/carlogislon.it\/staging\/wp-content\/uploads\/2025\/03\/logo-segnopositivoRisorsa-2.svg","contentUrl":"https:\/\/carlogislon.it\/staging\/wp-content\/uploads\/2025\/03\/logo-segnopositivoRisorsa-2.svg","width":186,"height":55,"caption":"Comunicazione pubblicitaria e immagine aziendale per l\u2019industria tecnica"},"image":{"@id":"https:\/\/carlogislon.it\/staging\/#\/schema\/logo\/image\/"}},{"@type":"Person","@id":"https:\/\/carlogislon.it\/staging\/#\/schema\/person\/e8f19d6a4b7cdbd2b4c78a1e5ff4939e","name":"Carlo Gislon","image":{"@type":"ImageObject","inLanguage":"it-IT","@id":"https:\/\/carlogislon.it\/staging\/wp-content\/litespeed\/avatar\/bf9b066fe5acdd48e1d7ce6ed00867ad.jpg?ver=1777305025","url":"https:\/\/carlogislon.it\/staging\/wp-content\/litespeed\/avatar\/bf9b066fe5acdd48e1d7ce6ed00867ad.jpg?ver=1777305025","contentUrl":"https:\/\/carlogislon.it\/staging\/wp-content\/litespeed\/avatar\/bf9b066fe5acdd48e1d7ce6ed00867ad.jpg?ver=1777305025","caption":"Carlo Gislon"},"description":"di Carlo Gislon"}]}},"_links":{"self":[{"href":"https:\/\/carlogislon.it\/staging\/wp-json\/wp\/v2\/posts\/40235","targetHints":{"allow":["GET"]}}],"collection":[{"href":"https:\/\/carlogislon.it\/staging\/wp-json\/wp\/v2\/posts"}],"about":[{"href":"https:\/\/carlogislon.it\/staging\/wp-json\/wp\/v2\/types\/post"}],"author":[{"embeddable":true,"href":"https:\/\/carlogislon.it\/staging\/wp-json\/wp\/v2\/users\/8"}],"replies":[{"embeddable":true,"href":"https:\/\/carlogislon.it\/staging\/wp-json\/wp\/v2\/comments?post=40235"}],"version-history":[{"count":23,"href":"https:\/\/carlogislon.it\/staging\/wp-json\/wp\/v2\/posts\/40235\/revisions"}],"predecessor-version":[{"id":40275,"href":"https:\/\/carlogislon.it\/staging\/wp-json\/wp\/v2\/posts\/40235\/revisions\/40275"}],"wp:featuredmedia":[{"embeddable":true,"href":"https:\/\/carlogislon.it\/staging\/wp-json\/wp\/v2\/media\/40236"}],"wp:attachment":[{"href":"https:\/\/carlogislon.it\/staging\/wp-json\/wp\/v2\/media?parent=40235"}],"wp:term":[{"taxonomy":"category","embeddable":true,"href":"https:\/\/carlogislon.it\/staging\/wp-json\/wp\/v2\/categories?post=40235"},{"taxonomy":"post_tag","embeddable":true,"href":"https:\/\/carlogislon.it\/staging\/wp-json\/wp\/v2\/tags?post=40235"}],"curies":[{"name":"wp","href":"https:\/\/api.w.org\/{rel}","templated":true}]}}